{"id":12491,"date":"2025-09-04T10:00:59","date_gmt":"2025-09-04T08:00:59","guid":{"rendered":"https:\/\/s-e-t.com\/?p=12491"},"modified":"2025-09-04T10:02:21","modified_gmt":"2025-09-04T08:02:21","slug":"neuer-termin-gleiche-mission-connect-reagiert-auf-die-positive-partnerresonanz-und-vernetzt-die-branche-nun-am-10-maerz-2026-mit-der-zukunft","status":"publish","type":"post","link":"https:\/\/s-e-t.com\/en\/2025\/09\/04\/neuer-termin-gleiche-mission-connect-reagiert-auf-die-positive-partnerresonanz-und-vernetzt-die-branche-nun-am-10-maerz-2026-mit-der-zukunft\/","title":{"rendered":"Neuer Termin, gleiche Mission: CONNECT reagiert auf die positive Partnerresonanz und vernetzt die Branche nun am 10. M\u00e4rz 2026 mit der Zukunft"},"content":{"rendered":"<div class=\"wp-block-image\">\n<p align=\"justify\"><span style=\"font-family: Times New Roman, serif;\"><span style=\"font-family: Verdana, serif;\">Manchmal kann \u00fcberw\u00e4ltigender Zuspruch ein echter Augen\u00f6ffner sein. Nachdem in den vergangenen Wochen zahlreiche bedeutende Sponsoren und Partner ihren Willen bekundet haben, mit CONNECT wichtige Schritte in Richtung Zukunft zu vollziehen, haben wir uns dazu entschlossen, unseren Anspruch als wichtiger Branchentreffpunkt mit einem neuen Termin im M\u00e4rz 2026 nachhaltig zu untermauern. Das gibt uns als Veranstalter rund sieben Monate Zeit, um eine sehr viel umfangreichere Integration von Sponsoren und Partnern zu garantieren und gleichzeitig weiter am Konzept von Food Arena und Sense Lab zu feilen, die mit spannenden Ausstellern und der Kooperation mit den Jungen Wilden bis zuletzt gewachsen war. <\/span><\/span><\/p>\n<p class=\"western\" align=\"justify\"><span style=\"font-family: Verdana, serif;\">Durch die Verschiebung bietet sich die vielversprechende Chance, CONNECT by Symposium Essen + Trinken noch st\u00e4rker als Plattform f\u00fcr die Food- und Beverage-Branche zu positionieren und mit einem brancheng\u00fcnstig im Fr\u00fchjahr 2026 gelegenen Termin wirklich alle Akteure im Food- und Beverage-Segment abzuholen. Das Programm und die Referent*innen bleiben so weit wie m\u00f6glich unver\u00e4ndert: hochkar\u00e4tige Speaker*innen, die innovative Kooperation mit den Jungen Wilden und zukunftsweisende Produkte im Sense Lab werden auch in 2026 Ma\u00dfst\u00e4be f\u00fcr die Lebensmittelwelt von morgen setzen.<\/span><\/p>\n<p align=\"justify\"><span style=\"font-family: Times New Roman, serif;\"><span style=\"font-family: Verdana, serif;\">Wir danken unseren Sponsoren, Referent*innen, mitwirkenden Marken und Unterst\u00fctzern f\u00fcr ihr Vertrauen \u2013 und freuen uns umso mehr, im M\u00e4rz 2026 gemeinsam ein CONNECT zu realisieren, das als Dialogplattform, Impulsgeber und Networking-Hub Ma\u00dfst\u00e4be f\u00fcr die gesamte Branche setzen soll.<\/span><\/span><\/p>\n<p align=\"justify\"><strong style=\"font-weight: bold;\"><span style=\"font-family: Times New Roman, serif;\"><span style=\"font-family: Verdana, serif;\">Digitales SPOTLIGHT im Herbst<\/span><\/span><\/strong><\/p>\n<p align=\"justify\"><span style=\"font-family: Times New Roman, serif;\"><span style=\"font-family: Verdana, serif;\">Um Teilnehmern, Sponsoren und Interessierten bereits vorab tiefgreifende Einblicke in das Programm geben zu k\u00f6nnen, planen wir zudem eine kostenfreie digitale Session, die unter dem Titel SPOTLIGHT Lust auf mehr machen und die Wartezeit auf 2026 verk\u00fcrzen helfen soll:<\/span><\/span><\/p>\n<ul>\n<li>\n<p align=\"justify\"><span style=\"font-family: Times New Roman, serif;\"><strong style=\"font-weight: bold;\"><span style=\"font-family: Verdana, serif;\">SPOTLIGHT Session (digital) am 25. September 2025<\/span><\/strong><span style=\"font-family: Verdana, serif;\"> mit inhaltlichen Teasern und ersten Schlaglichtern auf das Programm.<\/span><\/span><\/p>\n<\/li>\n<\/ul>\n<p align=\"justify\"><span style=\"font-family: Times New Roman, serif;\"><span style=\"font-family: Verdana, serif;\">Jetzt anmelden \u2013 und Teilnahme sichern: <\/span><span style=\"color: #0000ff;\"><u><a href=\"http:\/\/www.symposium-anmeldung.de\/\" target=\"_blank\" rel=\"noopener\"><span style=\"font-family: Verdana, serif;\">www.symposium-anmeldung.de<\/span><\/a><\/u><\/span><\/span><\/p>\n<p class=\"western\" align=\"justify\"><span style=\"font-family: Verdana, serif;\">Bereits erworbene Tickets behalten ihre G\u00fcltigkeit. Sollte eine Teilnahme am neuen Termin nicht m\u00f6glich sein, k\u00f6nnen Tickets unkompliziert per Mail zur\u00fcckgegeben werden: <\/span><span style=\"color: #0000ff;\"><u><a href=\"mailto:info@s-e-t.com\"><span style=\"font-family: Verdana, serif;\">info@s-e-t.com<\/span><\/a><\/u><\/span><span style=\"font-family: Verdana, serif;\">. <\/span><\/p>\n<\/div>","protected":false},"excerpt":{"rendered":"<p>Manchmal kann \u00fcberw\u00e4ltigender Zuspruch ein echter Augen\u00f6ffner sein. Nachdem in den vergangenen Wochen zahlreiche bedeutende Sponsoren und Partner ihren Willen bekundet haben, mit CONNECT wichtige Schritte in Richtung Zukunft zu [&hellip;]<\/p>","protected":false},"author":4,"featured_media":12492,"comment_status":"open","ping_status":"open","sticky":false,"template":"","format":"standard","meta":{"footnotes":""},"categories":[4],"tags":[],"class_list":["post-12491","post","type-post","status-publish","format-standard","has-post-thumbnail","hentry","category-news"],"_links":{"self":[{"href":"https:\/\/s-e-t.com\/en\/wp-json\/wp\/v2\/posts\/12491","targetHints":{"allow":["GET"]}}],"collection":[{"href":"https:\/\/s-e-t.com\/en\/wp-json\/wp\/v2\/posts"}],"about":[{"href":"https:\/\/s-e-t.com\/en\/wp-json\/wp\/v2\/types\/post"}],"author":[{"embeddable":true,"href":"https:\/\/s-e-t.com\/en\/wp-json\/wp\/v2\/users\/4"}],"replies":[{"embeddable":true,"href":"https:\/\/s-e-t.com\/en\/wp-json\/wp\/v2\/comments?post=12491"}],"version-history":[{"count":4,"href":"https:\/\/s-e-t.com\/en\/wp-json\/wp\/v2\/posts\/12491\/revisions"}],"predecessor-version":[{"id":12529,"href":"https:\/\/s-e-t.com\/en\/wp-json\/wp\/v2\/posts\/12491\/revisions\/12529"}],"wp:featuredmedia":[{"embeddable":true,"href":"https:\/\/s-e-t.com\/en\/wp-json\/wp\/v2\/media\/12492"}],"wp:attachment":[{"href":"https:\/\/s-e-t.com\/en\/wp-json\/wp\/v2\/media?parent=12491"}],"wp:term":[{"taxonomy":"category","embeddable":true,"href":"https:\/\/s-e-t.com\/en\/wp-json\/wp\/v2\/categories?post=12491"},{"taxonomy":"post_tag","embeddable":true,"href":"https:\/\/s-e-t.com\/en\/wp-json\/wp\/v2\/tags?post=12491"}],"curies":[{"name":"wp","href":"https:\/\/api.w.org\/{rel}","templated":true}]}}