{"id":12399,"date":"2025-08-01T17:22:33","date_gmt":"2025-08-01T15:22:33","guid":{"rendered":"https:\/\/s-e-t.com\/?p=12399"},"modified":"2025-09-17T13:50:42","modified_gmt":"2025-09-17T11:50:42","slug":"von-ki-bis-konsumwandel-aktualisiertes-konferenzprogramm-fuer-connect-2025","status":"publish","type":"post","link":"https:\/\/s-e-t.com\/en\/2025\/08\/01\/von-ki-bis-konsumwandel-aktualisiertes-konferenzprogramm-fuer-connect-2025\/","title":{"rendered":"Von KI bis Konsumwandel:  Aktualisiertes Konferenzprogramm f\u00fcr CONNECT 2026"},"content":{"rendered":"<p>Fast alle Speaker*innen sind best\u00e4tigt, die Themen weiter gesch\u00e4rft \u2013 und eines ist klar: Wer Zukunft mitgestalten will, sollte am 10. M\u00e4rz 2026 in M\u00fcnchen dabei sein.<\/p>\n<p><strong>CONNECT 2026 auf einen Blick:<\/strong><br \/>\n\u2192 Drei gro\u00dfe Themenbl\u00f6cke mit hochkar\u00e4tigen Sprecher*innen aus Handel, Industrie, Forschung + Start-up-Welt.<br \/>\n\u2192 Panels zu Konsumtrends, Tech + Taste, kulinarischer KI, Nachhaltigkeit + Innovationsbarrieren.<br \/>\n\u2192 Live-Verkostungen, Break-out-Sessions, Best Practices + jede Menge Raum f\u00fcr Austausch auf Augenh\u00f6he.<\/p>\n<p><strong>Mit dabei:<\/strong><br \/>\nDaniel Anthes (Food- + Nachhaltigkeitsexperte), Holger Stromberg (Nutriomix GmbH), Ver\u00f3nica Garc\u00eda Arteaga (Neggst), Dr. Sara F. Marquart (Planet A Foods), Felix Muxel (Nymphenburg Consult AG), Hendrik Haase (Publizist, Berater + Kommunikationsdesigner), Dr. Katharina Sch\u00fcller (STAT\u2011UP\u202fStatistical\u202fConsulting\u202f&amp;\u202fData\u202fScience\u202fGmbH) und viele mehr.<\/p>\n<p><strong>Und nicht zu vergessen:<\/strong><br \/>\nIn der Food Arena und dem Sense Lab wird es hei\u00df: Die Finalisten des radikal-kreativen Nachwuchswettbewerbs Junge Wilde kochen live \u2013 mutig, kompromisslos und mit dem Geschmack von morgen.<\/p>\n<p>&nbsp;<\/p>\n<p><strong>Hier<\/strong><strong> das vollst\u00e4ndige Programm entdecken:<\/strong><\/p>\n<p>&nbsp;<\/p>\n<p data-start=\"336\" data-end=\"394\"><strong data-start=\"336\" data-end=\"392\">Dienstag, 10.03.2026, M\u00fcnchen<\/strong><\/p>\n<hr data-start=\"396\" data-end=\"399\" \/>\n<p data-start=\"401\" data-end=\"436\"><strong data-start=\"405\" data-end=\"434\">DIE ZUKUNFT IS(S)T JETZT!<\/strong><\/p>\n<p data-start=\"437\" data-end=\"499\">\u201eFood Forward: Neue Zutaten. Neue Technologien. Neuer Genuss.\u201c<\/p>\n<p data-start=\"501\" data-end=\"675\"><strong data-start=\"501\" data-end=\"527\">Ein Tag. Drei Formate:<\/strong><br data-start=\"527\" data-end=\"530\" \/>Die dreiteilige Highlight-Veranstaltung CONNECT zeigt, wie aus Wandel Resilienz, aus neuen Genussformen Geschmack und aus Begegnung Zukunft wird.<\/p>\n<ul data-start=\"677\" data-end=\"1043\">\n<li data-start=\"677\" data-end=\"785\">\n<p data-start=\"679\" data-end=\"785\"><strong data-start=\"679\" data-end=\"693\">Konferenz:<\/strong> Praxisnahe Perspektiven auf Konsumverhalten, Sortimentsentwicklung, KI und Verantwortung.<\/p>\n<\/li>\n<li data-start=\"786\" data-end=\"947\">\n<p data-start=\"788\" data-end=\"947\"><strong data-start=\"788\" data-end=\"815\">Food Arena + Sense Lab:<\/strong> Neue Genusswelten zum Probieren, Riechen und Diskutieren \u2013 inklusive Live-Cooking der Finalisten des Kochwettbewerbs Junge Wilde.<\/p>\n<\/li>\n<li data-start=\"948\" data-end=\"1043\">\n<p data-start=\"950\" data-end=\"1043\"><strong data-start=\"950\" data-end=\"965\">Networking:<\/strong> Kontakte kn\u00fcpfen mit Start-ups, Industrie und Wissenschaft \u2013 auf Augenh\u00f6he.<\/p>\n<\/li>\n<\/ul>\n<hr data-start=\"1045\" data-end=\"1048\" \/>\n<p data-start=\"1050\" data-end=\"1074\"><strong data-start=\"1054\" data-end=\"1072\">Programmablauf<\/strong><\/p>\n<p data-start=\"1075\" data-end=\"1138\"><strong data-start=\"1075\" data-end=\"1104\">Moderation: Daniel Anthes<\/strong>, Food- + Nachhaltigkeitsexperte<\/p>\n<hr data-start=\"1140\" data-end=\"1143\" \/>\n<div class=\"_tableContainer_16hzy_1\">\n<div class=\"_tableWrapper_16hzy_14 group flex w-fit flex-col-reverse\" tabindex=\"-1\">\n<table class=\"w-fit min-w-(--thread-content-width)\" data-start=\"1145\" data-end=\"5014\">\n<thead data-start=\"1145\" data-end=\"1182\">\n<tr data-start=\"1145\" data-end=\"1182\">\n<th data-start=\"1145\" data-end=\"1161\" data-col-size=\"sm\"><strong data-start=\"1147\" data-end=\"1158\">Uhrzeit<\/strong><\/th>\n<th data-start=\"1161\" data-end=\"1182\" data-col-size=\"xl\"><strong data-start=\"1163\" data-end=\"1180\">Programmpunkt<\/strong><\/th>\n<\/tr>\n<\/thead>\n<tbody data-start=\"1219\" data-end=\"5014\">\n<tr data-start=\"1219\" data-end=\"1499\">\n<td data-start=\"1219\" data-end=\"1235\" data-col-size=\"sm\"><strong data-start=\"1221\" data-end=\"1234\">10.00 Uhr<\/strong><\/td>\n<td data-start=\"1235\" data-end=\"1499\" data-col-size=\"xl\"><strong data-start=\"1237\" data-end=\"1264\">Start der Veranstaltung<\/strong><br \/>\n+ Einlass in den Dampfdom in der Motorworld M\u00fcnchen<br \/>\n<strong data-start=\"1332\" data-end=\"1385\">Kommunikation + Austausch unter den Teilnehmenden<\/strong> sowie erster Besuch im Sense Lab der Food Arena: Zutaten, Produkte + Getr\u00e4nke zum Probieren, Anfassen + Riechen<\/td>\n<\/tr>\n<tr data-start=\"1500\" data-end=\"1795\">\n<td data-start=\"1500\" data-end=\"1516\" data-col-size=\"sm\"><strong data-start=\"1502\" data-end=\"1515\">11.00 Uhr<\/strong><\/td>\n<td data-start=\"1516\" data-end=\"1795\" data-col-size=\"xl\"><strong data-start=\"1518\" data-end=\"1551\">Start der Konferenz \u2013 Part 1:<\/strong><br \/>\n<em data-start=\"1558\" data-end=\"1599\">Welt im Umbruch, M\u00e4rkte im Sinneswandel<\/em><br \/>\nWas treibt die Welt der Zukunft + den Geschmack von morgen an? Umbr\u00fcche, Strategien + Trends.<br \/>\n<strong data-start=\"1707\" data-end=\"1740\">Begr\u00fc\u00dfung + Einleitung Part 1<\/strong><br \/>\n\u2013 Daniel Anthes, Food- + Nachhaltigkeitsexperte<\/td>\n<\/tr>\n<tr data-start=\"1796\" data-end=\"1975\">\n<td data-start=\"1796\" data-end=\"1812\" data-col-size=\"sm\"><strong data-start=\"1798\" data-end=\"1811\">11.05 Uhr<\/strong><\/td>\n<td data-start=\"1812\" data-end=\"1975\" data-col-size=\"xl\"><strong data-start=\"1814\" data-end=\"1826\">Keynote:<\/strong><br \/>\n<em data-start=\"1833\" data-end=\"1952\">\u201eZukunft neu denken \u2013 Zwischen Maximierung + R\u00fcckbesinnung \u2013 die Zukunft der Ern\u00e4hrung als unvers\u00f6hnliche Paradoxie?\u201c<\/em><br \/>\n\u2013 Daniel Anthes<\/td>\n<\/tr>\n<tr data-start=\"1976\" data-end=\"2602\">\n<td data-start=\"1976\" data-end=\"1992\" data-col-size=\"sm\"><strong data-start=\"1978\" data-end=\"1991\">11.30 Uhr<\/strong><\/td>\n<td data-start=\"1992\" data-end=\"2602\" data-col-size=\"xl\"><strong data-start=\"1994\" data-end=\"2029\">3 thesengeleitete Speed-Panels:<\/strong><br \/>\n<em data-start=\"2035\" data-end=\"2066\">\u201eDie Zukunft schmeckt anders\u201c<br \/>\n<\/em><strong data-start=\"2075\" data-end=\"2087\">Panel 1:<\/strong> <em data-start=\"2088\" data-end=\"2157\">\u201eWer bestimmt, was wir essen? \u00dcber Machtfragen im Ern\u00e4hrungssystem\u201c<\/em><br \/>\n\u2013 Dr. Silke Lichtenstein<br \/>\n\u2013 Klaus Mehler<br \/>\n\u2013 Roland Stroese<br \/>\n\u2013 Arne Wiest<br \/>\n<strong data-start=\"2263\" data-end=\"2275\">Panel 2:<\/strong> <em data-start=\"2276\" data-end=\"2344\">\u201eTech it or leave it \u2013 Wie viel Technologie vertr\u00e4gt gutes Essen?\u201c<\/em><br \/>\n\u2013 Dr. Ver\u00f3nica Garc\u00eda-Arteaga<br \/>\n\u2013 Holger Stromberg<br \/>\n\u2013 Ira van Eelen<br \/>\n<strong data-start=\"2430\" data-end=\"2442\">Panel 3:<\/strong> <em data-start=\"2443\" data-end=\"2502\">\u201eWeniger ist mehr? Genuss zwischen Reduktion + Rebellion\u201c<\/em><br \/>\n\u2013 Philip Kahnis<br \/>\n\u2013 Dr. Silke Lichtenstein<br \/>\n\u2013 Thomas Mempel<br \/>\n\u2013 Arne Wiest<\/td>\n<\/tr>\n<tr data-start=\"2603\" data-end=\"2667\">\n<td data-start=\"2603\" data-end=\"2619\" data-col-size=\"sm\"><strong data-start=\"2605\" data-end=\"2618\">12.45 Uhr<\/strong><\/td>\n<td data-start=\"2619\" data-end=\"2667\" data-col-size=\"xl\"><strong data-start=\"2621\" data-end=\"2644\">Abmoderation Part 1<\/strong><br \/>\n\u2013 Daniel Anthes<\/td>\n<\/tr>\n<tr data-start=\"2668\" data-end=\"2811\">\n<td data-start=\"2668\" data-end=\"2684\" data-col-size=\"sm\"><strong data-start=\"2670\" data-end=\"2683\">12.50 Uhr<\/strong><\/td>\n<td data-start=\"2684\" data-end=\"2811\" data-col-size=\"xl\"><strong data-start=\"2686\" data-end=\"2708\">Lunch + Networking<\/strong><br \/>\nin der Food Arena mit Sense Lab: Zutaten, Produkte + Getr\u00e4nke zum Probieren, Anfassen + Riechen<\/td>\n<\/tr>\n<tr data-start=\"2812\" data-end=\"3073\">\n<td data-start=\"2812\" data-end=\"2828\" data-col-size=\"sm\"><strong data-start=\"2814\" data-end=\"2827\">14.20 Uhr<\/strong><\/td>\n<td data-start=\"2828\" data-end=\"3073\" data-col-size=\"xl\"><strong data-start=\"2830\" data-end=\"2869\">Fortsetzung der Konferenz \u2013 Part 2:<\/strong><br \/>\n<em data-start=\"2876\" data-end=\"2915\">Konsum im Wandel, Innovation im Fokus<\/em><br \/>\nZwischen Bed\u00fcrfnis + Aufbruch: Wie Konsumverhalten + Innovation neue Impulse setzen<br \/>\n<strong data-start=\"3014\" data-end=\"3050\">Recap Part 1 + Einleitung Part 2<\/strong><br \/>\n\u2013 Daniel Anthes<\/td>\n<\/tr>\n<tr data-start=\"3074\" data-end=\"3227\">\n<td data-start=\"3074\" data-end=\"3090\" data-col-size=\"sm\"><strong data-start=\"3076\" data-end=\"3089\">14.25 Uhr<\/strong><\/td>\n<td data-start=\"3090\" data-end=\"3227\" data-col-size=\"xl\"><strong data-start=\"3092\" data-end=\"3104\">Keynote:<\/strong><br \/>\n<em data-start=\"3110\" data-end=\"3206\">\u201eDie Realit\u00e4t: Unterschiedliche Motivlagen + Bed\u00fcrfnisse des Konsumenten von heute und morgen\u201c<\/em><br \/>\n\u2013 Felix Muxel<\/td>\n<\/tr>\n<tr data-start=\"3228\" data-end=\"3401\">\n<td data-start=\"3228\" data-end=\"3244\" data-col-size=\"sm\"><strong data-start=\"3230\" data-end=\"3243\">14.50 Uhr<\/strong><\/td>\n<td data-start=\"3244\" data-end=\"3401\" data-col-size=\"xl\"><strong data-start=\"3246\" data-end=\"3257\">Studie:<\/strong><br \/>\n<em data-start=\"3263\" data-end=\"3343\">\u201eBridging Barriers to Innovation: Reloaded \u2013 Wege aus der Innovationsblockade\u201c<\/em><br \/>\n\u2013 Prof. Dr. Carsten Leo Demming<br \/>\n\u2013 Jochen Matzer<\/td>\n<\/tr>\n<tr data-start=\"3402\" data-end=\"3511\">\n<td data-start=\"3402\" data-end=\"3418\" data-col-size=\"sm\"><strong data-start=\"3404\" data-end=\"3417\">15.20 Uhr<\/strong><\/td>\n<td data-start=\"3418\" data-end=\"3511\" data-col-size=\"xl\"><strong data-start=\"3420\" data-end=\"3460\">Best Practice Talk mit Plant A Foods<\/strong><br \/>\n\u2013 Manfred Vondran<br \/>\n\u2013 Dr. Sara F. Marquart<\/td>\n<\/tr>\n<tr data-start=\"3512\" data-end=\"3734\">\n<td data-start=\"3512\" data-end=\"3528\" data-col-size=\"sm\"><strong data-start=\"3514\" data-end=\"3527\">15.45 Uhr<\/strong><\/td>\n<td data-start=\"3528\" data-end=\"3734\" data-col-size=\"xl\"><strong data-start=\"3530\" data-end=\"3558\">Kaffeepause + Networking<\/strong><br \/>\nin der Food Arena<br \/>\n\u2013 Break-out Sessions mit Vorstellung einzelner Start-ups<br \/>\n\u2013 Guided Tastings im Sense Lab<br \/>\n\u2013 Austausch, Vernetzung + Kooperationsanbahnung<\/td>\n<\/tr>\n<tr data-start=\"3735\" data-end=\"4023\">\n<td data-start=\"3735\" data-end=\"3751\" data-col-size=\"sm\"><strong data-start=\"3737\" data-end=\"3750\">17.00 Uhr<\/strong><\/td>\n<td data-start=\"3751\" data-end=\"4023\" data-col-size=\"xl\"><strong data-start=\"3753\" data-end=\"3792\">Fortsetzung der Konferenz \u2013 Part 3:<\/strong><br \/>\n<em data-start=\"3798\" data-end=\"3836\">Algorithmen, Appetit + Verantwortung<\/em><br \/>\nDigitale Transformation + smarte L\u00f6sungen \u2013 wie die Foodbranche gemeinsam Zukunft gestaltet.<br \/>\n<strong data-start=\"3943\" data-end=\"3979\">Recap Part 2 + Einleitung Part 3<\/strong><br \/>\n\u2013 Daniel Anthes<br \/>\n\u2013 Hendrik Haase<\/td>\n<\/tr>\n<tr data-start=\"4024\" data-end=\"4176\">\n<td data-start=\"4024\" data-end=\"4040\" data-col-size=\"sm\"><strong data-start=\"4026\" data-end=\"4039\">17.05 Uhr<\/strong><\/td>\n<td data-start=\"4040\" data-end=\"4176\" data-col-size=\"xl\"><strong data-start=\"4042\" data-end=\"4058\">Kurz-Impuls:<\/strong><br \/>\n<em data-start=\"4064\" data-end=\"4153\">\u201eUpdate: K\u00fcnstliche kulinarische Intelligenz \u2013 Neue Br\u00fccken in eine genie\u00dfbare Zukunft\u201c<\/em><br \/>\n\u2013 Hendrik Haase<\/td>\n<\/tr>\n<tr data-start=\"4177\" data-end=\"4502\">\n<td data-start=\"4177\" data-end=\"4193\" data-col-size=\"sm\"><strong data-start=\"4179\" data-end=\"4192\">17.20 Uhr<\/strong><\/td>\n<td data-start=\"4193\" data-end=\"4502\" data-col-size=\"xl\"><strong data-start=\"4195\" data-end=\"4236\">3 Lightning Talks: \u201eKI trifft Praxis\u201c<\/strong><\/p>\n<p><strong data-start=\"4245\" data-end=\"4256\">Part 1:<\/strong> Produktentwicklung<br \/>\n\u2013 Dr. Christian Klein<br \/>\n\u2013 Gespr\u00e4chspartner folgt<\/p>\n<p><strong data-start=\"4339\" data-end=\"4350\">Part 2:<\/strong> Prozess + Nachhaltigkeit<br \/>\n\u2013 Valentin Belser<br \/>\n\u2013 Gespr\u00e4chspartner folgt<\/p>\n<p><strong data-start=\"4435\" data-end=\"4446\">Part 3:<\/strong> Marketing + Forecasting<br \/>\n\u2013 Dr. Tobias Klinke<br \/>\n\u2013 Gespr\u00e4chspartner folgen<\/td>\n<\/tr>\n<tr data-start=\"4503\" data-end=\"4709\">\n<td data-start=\"4503\" data-end=\"4519\" data-col-size=\"sm\"><strong data-start=\"4505\" data-end=\"4518\">17.55 Uhr<\/strong><\/td>\n<td data-start=\"4519\" data-end=\"4709\" data-col-size=\"xl\"><strong data-start=\"4521\" data-end=\"4542\">Diskussionsrunde:<\/strong><br \/>\n<em data-start=\"4548\" data-end=\"4609\">\u201eKI trifft (Unternehmens-)Kultur: Zwischen Machen + Meinen\u201c<\/em><br \/>\n\u2013 Dr. Katharina Sch\u00fcller<br \/>\n\u2013 Hans-G\u00fcnter Trockels<br \/>\n\u2013 sowie ein weiterer Gespr\u00e4chspartner<\/td>\n<\/tr>\n<tr data-start=\"4710\" data-end=\"4758\">\n<td data-start=\"4710\" data-end=\"4726\" data-col-size=\"sm\"><strong data-start=\"4712\" data-end=\"4725\">18.25 Uhr<\/strong><\/td>\n<td data-start=\"4726\" data-end=\"4758\" data-col-size=\"xl\"><strong data-start=\"4728\" data-end=\"4756\">Wrap-up + Verabschiedung<\/strong><\/td>\n<\/tr>\n<tr data-start=\"4759\" data-end=\"4971\">\n<td data-start=\"4759\" data-end=\"4775\" data-col-size=\"sm\"><strong data-start=\"4761\" data-end=\"4774\">18.35 Uhr<\/strong><\/td>\n<td data-start=\"4775\" data-end=\"4971\" data-col-size=\"xl\"><strong data-start=\"4777\" data-end=\"4820\">Abendliches Get-together + Live-Cooking<\/strong><br \/>\nin der Food Arena<br \/>\n\u2013 Innovative Speisen + Getr\u00e4nke<br \/>\n\u2013 Live gekocht von den Finalisten der Jungen Wilden<br \/>\n\u2013 Musik, Netzwerk + Drinks<\/td>\n<\/tr>\n<tr data-start=\"4972\" data-end=\"5014\">\n<td data-start=\"4972\" data-end=\"4988\" data-col-size=\"sm\"><strong data-start=\"4974\" data-end=\"4987\">23.00 Uhr<\/strong><\/td>\n<td data-start=\"4988\" data-end=\"5014\" data-col-size=\"xl\"><strong data-start=\"4990\" data-end=\"5012\">Veranstaltungsende<\/strong><\/td>\n<\/tr>\n<\/tbody>\n<\/table>\n<\/div>\n<\/div>\n<div class=\"elementor-button-wrapper\"><a class=\"elementor-button elementor-button-link elementor-size-sm\" href=\"https:\/\/s-e-t.com\/wp-content\/uploads\/2025\/09\/CONNECT2026_Programm_250904.pdf\"><br \/>\n<span class=\"elementor-button-content-wrapper\"><br \/>\n<span class=\"elementor-button-text\">Programm downloaden<\/span><br \/>\n<\/span><br \/>\n<\/a><\/div>\n<div class=\"elementor-button-wrapper\"><a class=\"elementor-button elementor-button-link elementor-size-sm\" href=\"https:\/\/www.symposium-anmeldung.de\/\" target=\"_blank\" rel=\"noopener\"><br \/>\n<span class=\"elementor-button-content-wrapper\"><br \/>\n<span class=\"elementor-button-text\">Zur Anmeldung<\/span><br \/>\n<\/span><br \/>\n<\/a><\/div>","protected":false},"excerpt":{"rendered":"<p>Fast alle Speaker*innen sind best\u00e4tigt, die Themen weiter gesch\u00e4rft \u2013 und eines ist klar: Wer Zukunft mitgestalten will, sollte am 10. M\u00e4rz 2026 in M\u00fcnchen dabei sein. CONNECT 2026 auf [&hellip;]<\/p>","protected":false},"author":4,"featured_media":12544,"comment_status":"open","ping_status":"open","sticky":false,"template":"","format":"standard","meta":{"footnotes":""},"categories":[4],"tags":[],"class_list":["post-12399","post","type-post","status-publish","format-standard","has-post-thumbnail","hentry","category-news"],"_links":{"self":[{"href":"https:\/\/s-e-t.com\/en\/wp-json\/wp\/v2\/posts\/12399","targetHints":{"allow":["GET"]}}],"collection":[{"href":"https:\/\/s-e-t.com\/en\/wp-json\/wp\/v2\/posts"}],"about":[{"href":"https:\/\/s-e-t.com\/en\/wp-json\/wp\/v2\/types\/post"}],"author":[{"embeddable":true,"href":"https:\/\/s-e-t.com\/en\/wp-json\/wp\/v2\/users\/4"}],"replies":[{"embeddable":true,"href":"https:\/\/s-e-t.com\/en\/wp-json\/wp\/v2\/comments?post=12399"}],"version-history":[{"count":10,"href":"https:\/\/s-e-t.com\/en\/wp-json\/wp\/v2\/posts\/12399\/revisions"}],"predecessor-version":[{"id":12689,"href":"https:\/\/s-e-t.com\/en\/wp-json\/wp\/v2\/posts\/12399\/revisions\/12689"}],"wp:featuredmedia":[{"embeddable":true,"href":"https:\/\/s-e-t.com\/en\/wp-json\/wp\/v2\/media\/12544"}],"wp:attachment":[{"href":"https:\/\/s-e-t.com\/en\/wp-json\/wp\/v2\/media?parent=12399"}],"wp:term":[{"taxonomy":"category","embeddable":true,"href":"https:\/\/s-e-t.com\/en\/wp-json\/wp\/v2\/categories?post=12399"},{"taxonomy":"post_tag","embeddable":true,"href":"https:\/\/s-e-t.com\/en\/wp-json\/wp\/v2\/tags?post=12399"}],"curies":[{"name":"wp","href":"https:\/\/api.w.org\/{rel}","templated":true}]}}