{"id":12332,"date":"2025-06-19T22:27:40","date_gmt":"2025-06-19T20:27:40","guid":{"rendered":"https:\/\/s-e-t.com\/?p=12332"},"modified":"2025-09-06T15:18:32","modified_gmt":"2025-09-06T13:18:32","slug":"vordenken-verkosten-verbinden-das-programm-fuer-connect-by-symposium-essen-trinken-steht","status":"publish","type":"post","link":"https:\/\/s-e-t.com\/en\/2025\/06\/19\/vordenken-verkosten-verbinden-das-programm-fuer-connect-by-symposium-essen-trinken-steht\/","title":{"rendered":"Vordenken, Verkosten, Verbinden: Das Programm f\u00fcr CONNECT by Symposium Essen + Trinken steht!"},"content":{"rendered":"<p><strong>Zukunft entsteht im Dialog: Unter dem Motto \u201eDie Zukunft is(s)t jetzt!\u201c kommen auf der Highlight-Veranstaltung CONNECT am 10. M\u00e4rz 2026 operative Top-Entscheider*innen entlang der gesamten Wertsch\u00f6pfungskette zusammen, um gemeinsam Antworten auf die Konsumbed\u00fcrfnisse von morgen zu finden. Jetzt anmelden und Teil eines starken Netzwerks werden!<\/strong><\/p>\n<p>Am 10. M\u00e4rz 2026 treffen hochkar\u00e4tige Vertreter*innen der Lebensmittel- und Getr\u00e4nkebranche auf Akteure aus Politik, Verb\u00e4nden, Wissenschaft und Erzeugerkreisen, um einen gemeinsamen Blick in die Zukunft zu werfen. Die von Top-Expert*innen und prominenten Sprechern gepr\u00e4gte Konferenz widmet sich ganz dem Thema <strong>\u201eFood Forward: Neue Zutaten. Neue Technologien. Neuer Genuss.\u201c<\/strong><\/p>\n<p>So zeigt die dreiteilige Highlight-Veranstaltung CONNECT mit Blick auf lokale Strategien, neu gedachte Grundzutaten, die Konsumtrends von morgen, k\u00fcnstliche kulinarische Intelligenz und nachhaltige Chancen, wie aus Wandel Resilienz, aus neuen Genussformen Geschmack und aus Begegnung Zukunft wird. Das Herzst\u00fcck der Veranstaltung ist \u2013 neben der Konferenz und den vielf\u00e4ltigen Netzwerkm\u00f6glichkeiten \u2013 die neu geschaffene Food\u00a0Arena mit Sense\u00a0Lab, die innovative Foodtrends erlebbar macht und zum Verkosten neu gedachter Zutaten einl\u00e4dt.<\/p>\n<p>Ein erster Programmausblick f\u00fcr die von Food- und Nachhaltigkeitsexperte Daniel Anthes moderierte Veranstaltung wurde bekanntgegeben.<\/p>\n<h3 style=\"margin-top: 2em;\">Programmablauf*<\/h3>\n<p><strong>Dienstag, 10.03.2026<\/strong><\/p>\n<table style=\"width: 100%; border-spacing: 0.5em 0;\">\n<tbody>\n<tr>\n<td style=\"width: 130px; vertical-align: top;\"><strong>10.00\u00a0Uhr<\/strong><\/td>\n<td><strong>Start der Veranstaltung<\/strong><br \/>\n+ Einlass in den Dampfdom in der Motorworld M\u00fcnchen<\/td>\n<\/tr>\n<tr>\n<td><strong>bis\u00a011.00\u00a0Uhr<\/strong><\/td>\n<td><strong>Kommunikation + Austausch<\/strong> unter den Teilnehmenden sowie erster Besuch im <em>Sense\u00a0Lab der Food\u00a0Arena<\/em>: Zutaten, Produkte + Getr\u00e4nke zum Probieren, Anfassen + Riechen<\/td>\n<\/tr>\n<tr>\n<td><strong>11.00\u00a0Uhr<\/strong><\/td>\n<td><strong>Start der Konferenz \u2013 Part\u00a01:<\/strong><br \/>\nWELT IM UMBRUCH, M\u00c4RKTE IM SINNESWANDEL<br \/>\nWas treibt die Welt der Zukunft + den Geschmack von morgen an? Umbr\u00fcche, Strategien + Trends.<\/td>\n<\/tr>\n<tr>\n<td><strong>11.05\u00a0Uhr\u00a0(25\u2019)<\/strong><\/td>\n<td>\u201eGlobale Umbr\u00fcche, lokale Strategien f\u00fcr die Food- + Beverage-Industrie\u201c<br \/>\nHandeln mit Perspektive: Vom Krisen- in den Zukunftsmodus<\/td>\n<\/tr>\n<tr>\n<td><strong>11.30\u00a0Uhr\u00a0(25\u2019)<\/strong><\/td>\n<td>\u201eZucker, Ei, Fleisch + Getr\u00e4nk \u2013 Grundzutaten neu gedacht\u201c<br \/>\nZucker\u00a02.0, Cultivated Meat, Ei-Alternativen, funktionale Drinks etc.<\/td>\n<\/tr>\n<tr>\n<td><strong>12.00\u00a0Uhr\u00a0(35\u2019)<\/strong><\/td>\n<td>\u201eDie Zukunft schmeckt anders \u2013 Was heute schon geht\u201c<br \/>\nNeue Genusswelten + Ern\u00e4hrungstrends im Fokus<\/td>\n<\/tr>\n<tr>\n<td><strong>ab\u00a012.40\u00a0Uhr\u00a0(90\u2019)<\/strong><\/td>\n<td><strong>Lunch + Networking<\/strong> in der Food\u00a0Arena<br \/>\n\u2022 Kulinarik + Getr\u00e4nke-Innovationen<br \/>\n\u2022 Sense\u00a0Lab \u2013 Zutaten, Produkte + Getr\u00e4nke zum Probieren, Anfassen + Riechen<\/td>\n<\/tr>\n<tr>\n<td><strong>ab\u00a014.15\u00a0Uhr<\/strong><\/td>\n<td><strong>Part\u00a02: TRENDS, DIE DEN WANDEL TREIBEN<\/strong><br \/>\nInternationale Vorbilder, technologische Spr\u00fcnge + sich wandelnde Konsumtrends ver\u00e4ndern das Spielfeld.<\/td>\n<\/tr>\n<tr>\n<td><strong>14.20\u00a0Uhr\u00a0(20\u2019)<\/strong><\/td>\n<td>\u201eFuture of Food + Drinks: Was die Welt morgen isst + trinkt\u201c<br \/>\nJapan, Skandinavien + USA als Innovationstreiber bei Produkten, Getr\u00e4nken + Kultur<\/td>\n<\/tr>\n<tr>\n<td><strong>14.45\u00a0Uhr\u00a0(20\u2019)<\/strong><\/td>\n<td>\u201eVerbrauchertrends 2025: Hedonisten, Disziplinierte + Traditionsbewusste\u201c<br \/>\nWelche Werte, Haushaltsformen + Budgets bestimmen Konsum + Ern\u00e4hrung?<\/td>\n<\/tr>\n<tr>\n<td><strong>15.10\u00a0Uhr\u00a0(25\u2019)<\/strong><\/td>\n<td>tba<\/td>\n<\/tr>\n<tr>\n<td><strong>15.40\u00a0Uhr\u00a0(20\u2019)<\/strong><\/td>\n<td>Best Practice Talk mit einem Start-up<br \/>\nEinblicke in Gr\u00fcndung, Erfolgsfaktoren + H\u00fcrden<\/td>\n<\/tr>\n<tr>\n<td><strong>ab\u00a016.00\u00a0Uhr\u00a0(75\u2019)<\/strong><\/td>\n<td><strong>Kaffeepause + Networking<\/strong> in der Food\u00a0Arena<br \/>\n\u2022 Break-out Sessions mit der Vorstellung einzelner Start-ups<br \/>\n\u2022 Guided Tastings im Sense\u00a0Lab: funktionale Getr\u00e4nke, alkoholfreier Wein, Smoothies, Fl\u00fcssignahrung, \u2026<br \/>\n\u2022 Innovationsplattform: Austausch + Kooperationsanbahnung<\/td>\n<\/tr>\n<tr>\n<td><strong>ab\u00a017.15\u00a0Uhr<\/strong><\/td>\n<td><strong>Fortsetzung der Konferenz \u2013 Part\u00a03:<\/strong><br \/>\nALGORITHMEN, APPETIT + VERANTWORTUNG<br \/>\nDigitale Transformation + smarte L\u00f6sungen \u2013 wie die Foodbranche gemeinsam Zukunft gestaltet.<\/td>\n<\/tr>\n<tr>\n<td><strong>17.20\u00a0Uhr\u00a0(15\u2019)<\/strong><\/td>\n<td>Update: K\u00fcnstliche kulinarische Intelligenz<br \/>\nNeue Br\u00fccken in eine genie\u00dfbare Zukunft<\/td>\n<\/tr>\n<tr>\n<td><strong>17.40\u00a0Uhr\u00a0(20\u2019)<\/strong><\/td>\n<td>Lightning Talks: \u201eKI trifft Praxis\u201c<br \/>\nKurzinterviews zu Produktentwicklung, Prozess + Nachhaltigkeit sowie Marketing + Forecasting<\/td>\n<\/tr>\n<tr>\n<td><strong>18.05\u00a0Uhr\u00a0(30\u2019)<\/strong><\/td>\n<td>\u201eKI trifft (Unternehmens-)Kultur: Zwischen Machen + Meinen\u201c<br \/>\nDatenstruktur, Transparenz + Ethik \u2013 KI als kulturellen Wandel begreifen lernen<\/td>\n<\/tr>\n<tr>\n<td><strong>18.40\u00a0Uhr\u00a0(20\u2019)<\/strong><\/td>\n<td>\u201eStart-up meets Legacy\u201c<br \/>\nDisruptive Blind Dates auf der B\u00fchne<\/td>\n<\/tr>\n<tr>\n<td><strong>19.00\u00a0Uhr\u00a0(5\u201310\u2019)<\/strong><\/td>\n<td>Wrap-up + Verabschiedung<\/td>\n<\/tr>\n<tr>\n<td><strong>19.10\u00a0Uhr<\/strong><\/td>\n<td><strong>ABENDLICHES GET-TOGETHER + LIVE-COOKING<\/strong> in der Food\u00a0Arena<br \/>\n\u2022 Innovative Speisen + Getr\u00e4nke zum Genie\u00dfen<br \/>\n\u2022 Food Pairings: Alkoholfreier Wein + Cultivated Meat<br \/>\n\u2022 Musik, Netzwerk + Drinks<\/td>\n<\/tr>\n<tr>\n<td><strong>23.00\u00a0Uhr<\/strong><\/td>\n<td><strong>Veranstaltungsende<\/strong><\/td>\n<\/tr>\n<\/tbody>\n<\/table>\n<h4><\/h4>\n<p>&nbsp;<\/p>\n<h4>FOOD ARENA + SENSE LAB (zwischen den Themenbl\u00f6cken)<\/h4>\n<p>Get-together, Networking und Tasting in der Food\u00a0Arena mit Sense\u00a0Lab: K\u00fcnstliches Fleisch + Alternativproteine, Zucker\u00a02.0, Ei-Ersatz, alkoholfreier Wein + fermentierte Getr\u00e4nke, Neurogastronomie + vieles mehr auf unserer Start-up- und Innovationsplattform.<\/p>\n<p>Die Dicke Food Makes Fun\u00a0GmbH (<a href=\"http:\/\/www.dickefoodmakesfun.com\" target=\"_blank\" rel=\"noopener\">www.dickefoodmakesfun.com<\/a>) und Herbert Kluth\u00a0(GmbH &amp; Co.\u00a0KG) (<a href=\"http:\/\/www.kluth.com\" target=\"_blank\" rel=\"noopener\">www.kluth.com<\/a> + <a href=\"http:\/\/www.maryland24.de\" target=\"_blank\" rel=\"noopener\">www.maryland24.de<\/a>) unterst\u00fctzen die Highlight-Veranstaltung CONNECT 2026 by Symposium Essen + Trinken als Sponsoren.<\/p>\n<p><em>* Programm\u00e4nderungen vorbehalten.<\/em><\/p>\n<p>Der SET CLUB bietet mit seinen zahlreichen exklusiven Angeboten eine verg\u00fcnstigte Teilnahme an den Highlight-Veranstaltungen.<\/p>\n<p>Anmeldungen zu CONNECT unter <a href=\"https:\/\/symposium-anmeldung.de\/\" target=\"_blank\" rel=\"noopener\">https:\/\/symposium-anmeldung.de\/<\/a><br \/>\nAlles weitere zum SET\u00a0CLUB unter <a href=\"https:\/\/s-e-t.com\/en\/clubmitgliedschaft\/\">https:\/\/s-e-t.com\/clubmitgliedschaft\/<\/a><\/p>","protected":false},"excerpt":{"rendered":"<p>Zukunft entsteht im Dialog: Unter dem Motto \u201eDie Zukunft is(s)t jetzt!\u201c kommen auf der Highlight-Veranstaltung CONNECT am 10. M\u00e4rz 2026 operative Top-Entscheider*innen entlang der gesamten Wertsch\u00f6pfungskette zusammen, um gemeinsam Antworten [&hellip;]<\/p>","protected":false},"author":4,"featured_media":12555,"comment_status":"open","ping_status":"open","sticky":false,"template":"","format":"standard","meta":{"footnotes":""},"categories":[4],"tags":[],"class_list":["post-12332","post","type-post","status-publish","format-standard","has-post-thumbnail","hentry","category-news"],"_links":{"self":[{"href":"https:\/\/s-e-t.com\/en\/wp-json\/wp\/v2\/posts\/12332","targetHints":{"allow":["GET"]}}],"collection":[{"href":"https:\/\/s-e-t.com\/en\/wp-json\/wp\/v2\/posts"}],"about":[{"href":"https:\/\/s-e-t.com\/en\/wp-json\/wp\/v2\/types\/post"}],"author":[{"embeddable":true,"href":"https:\/\/s-e-t.com\/en\/wp-json\/wp\/v2\/users\/4"}],"replies":[{"embeddable":true,"href":"https:\/\/s-e-t.com\/en\/wp-json\/wp\/v2\/comments?post=12332"}],"version-history":[{"count":10,"href":"https:\/\/s-e-t.com\/en\/wp-json\/wp\/v2\/posts\/12332\/revisions"}],"predecessor-version":[{"id":12549,"href":"https:\/\/s-e-t.com\/en\/wp-json\/wp\/v2\/posts\/12332\/revisions\/12549"}],"wp:featuredmedia":[{"embeddable":true,"href":"https:\/\/s-e-t.com\/en\/wp-json\/wp\/v2\/media\/12555"}],"wp:attachment":[{"href":"https:\/\/s-e-t.com\/en\/wp-json\/wp\/v2\/media?parent=12332"}],"wp:term":[{"taxonomy":"category","embeddable":true,"href":"https:\/\/s-e-t.com\/en\/wp-json\/wp\/v2\/categories?post=12332"},{"taxonomy":"post_tag","embeddable":true,"href":"https:\/\/s-e-t.com\/en\/wp-json\/wp\/v2\/tags?post=12332"}],"curies":[{"name":"wp","href":"https:\/\/api.w.org\/{rel}","templated":true}]}}