{"id":12312,"date":"2025-06-18T13:00:31","date_gmt":"2025-06-18T11:00:31","guid":{"rendered":"https:\/\/s-e-t.com\/?p=12312"},"modified":"2025-09-04T12:28:36","modified_gmt":"2025-09-04T10:28:36","slug":"connect-2026-zukunft-gemeinsam-gestalten","status":"publish","type":"post","link":"https:\/\/s-e-t.com\/en\/2025\/06\/18\/connect-2026-zukunft-gemeinsam-gestalten\/","title":{"rendered":"CONNECT 2026 \u2013 Zukunft gemeinsam gestalten!"},"content":{"rendered":"<p>Am <strong>10. M\u00e4rz 2026<\/strong> wird M\u00fcnchen zum Zentrum f\u00fcr Innovation, Geschmack und Dialog der Food- und Beverage-Branche. CONNECT bringt Entscheider*innen, Vordenker*innen, Start-ups und etablierte Unternehmen zusammen \u2013 mit dem Ziel, Wandel erlebbar zu machen. Ob als Sponsor oder mit innovativen Produkten, Dienstleistungen und Technologien \u2013 CONNECT 2026 by Symposium Essen + Trinken bietet zwei M\u00f6glichkeiten, sich aktiv zu beteiligen:<\/p>\n<p>&#8212;&#8212;&#8212;&#8212;&#8212;<\/p>\n<p><strong>F\u00fcr Marken mit Haltung:<br \/>\n<\/strong><strong>Veranstaltungssponsor werden<\/strong><\/p>\n<p><strong>Sie wollen Ihre Marke dort platzieren, wo Zukunft gemacht wird?<\/strong><br \/>\nAls Veranstaltungssponsor von CONNECT sichern Sie sich Sichtbarkeit in einem Umfeld, das von Innovation, Verantwortung und echten Begegnungen lebt.<\/p>\n<p><strong>Ihre M\u00f6glichkeiten im \u00dcberblick:<\/strong><\/p>\n<ul>\n<li>4 Monate Pr\u00e4senz als offizieller Partner<\/li>\n<li>Darstellung mit Logo auf s\u00e4mtlichen SET-Kommunikationskan\u00e4len<\/li>\n<li>Starke Social-Media-Pr\u00e4senz (mind. 1 Post explizit auf den Sponsor ausgerichtet)<\/li>\n<li>Kostenfreie Teilnahme an CONNECT 2026 f\u00fcr 2 Personen<\/li>\n<li>Auf Wunsch: Live-Pr\u00e4sentation mit eigenem Stand (12\u201320\u202fm\u00b2) bei CONNECT 2026<\/li>\n<\/ul>\n<p>Weitere Informationen, Konditionen und Details <u>here<\/u> als PDF herunterladen.<br \/>\n<a class=\"elementor-button elementor-button-link elementor-size-sm\" href=\"https:\/\/s-e-t.com\/wp-content\/uploads\/2025\/09\/Two-Pager_Sponsoren_NEU.pdf\"><br \/>\n<span class=\"elementor-button-content-wrapper\"><br \/>\n<span class=\"elementor-button-text\">PDF downloaden<\/span><br \/>\n<\/span><br \/>\n<\/a><\/p>\n<p><strong>Zukunft ist Teamarbeit \u2013 seien Sie dabei!<\/strong><\/p>\n<p>Jetzt Sponsor werden: <a href=\"mailto:info@s-e-t.com\">info@s-e-t.com<\/a><\/p>\n<p>&#8212;&#8212;&#8212;&#8212;&#8212;<\/p>\n<p><strong>F\u00fcr Start-ups, Newcomer + Innovationstreiber:<br \/>\n<\/strong><strong>Mitmachen in der Food Arena + Sense Lab<\/strong><\/p>\n<p><strong>Sie haben ein Produkt, eine Zutat oder Technologie, die den Markt ver\u00e4ndern kann? <\/strong>Dann ist das <strong>Sense Lab<\/strong> Ihre B\u00fchne. Im Herzen der CONNECT Food Arena wird Ihre Idee erlebbar \u2013 verkostet, pr\u00e4sentiert und diskutiert.<\/p>\n<p><strong>Ihre M\u00f6glichkeiten im \u00dcberblick:<\/strong><\/p>\n<ul>\n<li>Inszenierung Ihrer Innovation durch Finalisten des Kochwettbewerbs Junge Wilde in der Food Arena<\/li>\n<li>Live-Verkostung im Sense Lab<\/li>\n<li>Austausch mit einem hochkar\u00e4tigen Fachpublikum<\/li>\n<li>Kostenfreie Teilnahme an CONNECT f\u00fcr 2 Personen<\/li>\n<\/ul>\n<p>Weitere Informationen, Konditionen und Details <u>here<\/u> als PDF herunterladen.<br \/>\n<a class=\"elementor-button elementor-button-link elementor-size-sm\" href=\"https:\/\/s-e-t.com\/wp-content\/uploads\/2025\/09\/Two-Pager_Sense-Lab_NEU.pdf\"><br \/>\n<span class=\"elementor-button-content-wrapper\"><br \/>\n<span class=\"elementor-button-text\">PDF downloaden<\/span><br \/>\n<\/span><br \/>\n<\/a><\/p>\n<p><strong>Das Sense Lab ist Ihr Zugang zur Branche \u2013 mit Geschmack, Wirkung und Sichtbarkeit.<\/strong><br \/>\nJetzt mit Produkt, Zutat oder Technologie kostenpflichtig bewerben: <a href=\"mailto:info@s-e-t.com\">info@s-e-t.com<\/a><\/p>","protected":false},"excerpt":{"rendered":"<p>Am 10. M\u00e4rz 2026 wird M\u00fcnchen zum Zentrum f\u00fcr Innovation, Geschmack und Dialog der Food- und Beverage-Branche. CONNECT bringt Entscheider*innen, Vordenker*innen, Start-ups und etablierte Unternehmen zusammen \u2013 mit dem Ziel, [&hellip;]<\/p>","protected":false},"author":4,"featured_media":12507,"comment_status":"open","ping_status":"open","sticky":false,"template":"","format":"standard","meta":{"footnotes":""},"categories":[4],"tags":[],"class_list":["post-12312","post","type-post","status-publish","format-standard","has-post-thumbnail","hentry","category-news"],"_links":{"self":[{"href":"https:\/\/s-e-t.com\/en\/wp-json\/wp\/v2\/posts\/12312","targetHints":{"allow":["GET"]}}],"collection":[{"href":"https:\/\/s-e-t.com\/en\/wp-json\/wp\/v2\/posts"}],"about":[{"href":"https:\/\/s-e-t.com\/en\/wp-json\/wp\/v2\/types\/post"}],"author":[{"embeddable":true,"href":"https:\/\/s-e-t.com\/en\/wp-json\/wp\/v2\/users\/4"}],"replies":[{"embeddable":true,"href":"https:\/\/s-e-t.com\/en\/wp-json\/wp\/v2\/comments?post=12312"}],"version-history":[{"count":10,"href":"https:\/\/s-e-t.com\/en\/wp-json\/wp\/v2\/posts\/12312\/revisions"}],"predecessor-version":[{"id":12543,"href":"https:\/\/s-e-t.com\/en\/wp-json\/wp\/v2\/posts\/12312\/revisions\/12543"}],"wp:featuredmedia":[{"embeddable":true,"href":"https:\/\/s-e-t.com\/en\/wp-json\/wp\/v2\/media\/12507"}],"wp:attachment":[{"href":"https:\/\/s-e-t.com\/en\/wp-json\/wp\/v2\/media?parent=12312"}],"wp:term":[{"taxonomy":"category","embeddable":true,"href":"https:\/\/s-e-t.com\/en\/wp-json\/wp\/v2\/categories?post=12312"},{"taxonomy":"post_tag","embeddable":true,"href":"https:\/\/s-e-t.com\/en\/wp-json\/wp\/v2\/tags?post=12312"}],"curies":[{"name":"wp","href":"https:\/\/api.w.org\/{rel}","templated":true}]}}