{"id":12103,"date":"2025-01-28T13:23:41","date_gmt":"2025-01-28T12:23:41","guid":{"rendered":"https:\/\/s-e-t.com\/?p=12103"},"modified":"2025-01-28T13:24:20","modified_gmt":"2025-01-28T12:24:20","slug":"erweiterte-geschaeftsfuehrung-des-set-im-trio-fuer-den-dreiklang","status":"publish","type":"post","link":"https:\/\/s-e-t.com\/en\/2025\/01\/28\/erweiterte-geschaeftsfuehrung-des-set-im-trio-fuer-den-dreiklang\/","title":{"rendered":"Erweiterte Gesch\u00e4ftsf\u00fchrung des SET: Im Trio f\u00fcr den Dreiklang"},"content":{"rendered":"<p><span data-contrast=\"none\">Im Rahmen der inhaltlichen und organisatorischen Neuausrichtung des Symposium Essen + Trinken hat sich eine der bedeutendsten Dialogplattformen der deutschsprachigen Foodbranche auch auf F\u00fchrungsebene noch einmal deutlich breiter aufgestellt. Um dem angestrebten Dreiklang aus Verantwortung, Nachhaltigkeit und Technologie sowie der Bedeutung als Branchengemeinschaft entlang der gesamten Wertsch\u00f6pfungskette auch personell gerecht zu werden, haben an der Seite der bisherigen Gesch\u00e4ftsf\u00fchrerin <\/span><b><span data-contrast=\"none\">C\u00e9cile M\u00f6hring<\/span><\/b><span data-contrast=\"none\"> mit <\/span><b><span data-contrast=\"none\">Natalie Gerts<\/span><\/b><span data-contrast=\"none\"> und <\/span><b><span data-contrast=\"none\">Edmund Pillekamp<\/span><\/b><span data-contrast=\"none\"> zwei bedeutende Branchenpers\u00f6nlichkeiten Platz genommen, um die Gesch\u00e4ftsf\u00fchrung der Symposium Essen + Trinken GmbH zu verst\u00e4rken. Zudem ist mit dem <\/span><b><span data-contrast=\"none\">Handelsverband Bayern e.V.<\/span><\/b><span data-contrast=\"none\"> als Gesellschafter ab sofort ein wichtiger Impulsgeber mit an Bord.\u202f<\/span><span data-ccp-props=\"{&quot;134233117&quot;:true,&quot;134233118&quot;:true,&quot;201341983&quot;:0,&quot;335559740&quot;:276,&quot;469777462&quot;:[709],&quot;469777927&quot;:[0],&quot;469777928&quot;:[0]}\">\u00a0<\/span><\/p>\n<p><span data-ccp-props=\"{&quot;134233117&quot;:true,&quot;134233118&quot;:true,&quot;201341983&quot;:0,&quot;335559740&quot;:276,&quot;469777462&quot;:[709],&quot;469777927&quot;:[0],&quot;469777928&quot;:[0]}\">\u00a0<\/span><\/p>\n<p><span data-contrast=\"none\">Natalie Gerits bringt bereits mehr als drei Jahrzehnte Erfahrung in der Konsumg\u00fcterbranche mit und hat in dieser Zeit Schl\u00fcsselpositionen bei renommierten nationalen und internationalen Unternehmen (u.a. Johnson &amp; Johnson, H.J. Heinz, Dr. Oetker, Bolton Group) innegehabt. Zuletzt war sie als Gesch\u00e4ftsf\u00fchrerin der Lambertz Gruppe t\u00e4tig. Neben ihrer T\u00e4tigkeit als Gesellschafterin und Managerin der NFG rocks \u2013 We rock your markets war sie schon vor ihrer Gesch\u00e4ftsf\u00fchrert\u00e4tigkeit beim SET als Gesellschafterin und Vorstandsmitglied im Verein SFET e.V. engagiert. \u201eErn\u00e4hrung ist f\u00fcr mich, insbesondere vor dem Hintergrund von Nachhaltigkeit, Transparenz, Digitalisierung und Qualit\u00e4tssicherung, eines der ganz gro\u00dfen Zukunftsthemen f\u00fcr den Handel, die Industrie und letztlich f\u00fcr die ganze Gesellschaft\u201c, freut Gerits sich auf die neue Herausforderung. \u201eHier den Dialog zu f\u00f6rdern und zugleich die Chancengleichheit f\u00fcr Frauen und f\u00fcr den Nachwuchs zu st\u00e4rken, sehe ich als meine Hauptaufgaben als Gesch\u00e4ftsf\u00fchrerin des SET.\u201c\u202f<\/span><span data-ccp-props=\"{&quot;134233117&quot;:true,&quot;134233118&quot;:true,&quot;201341983&quot;:0,&quot;335559740&quot;:276,&quot;469777462&quot;:[709],&quot;469777927&quot;:[0],&quot;469777928&quot;:[0]}\">\u00a0<\/span><\/p>\n<p><span data-contrast=\"none\">\u202f<\/span><span data-ccp-props=\"{&quot;134233117&quot;:true,&quot;134233118&quot;:true,&quot;201341983&quot;:0,&quot;335559740&quot;:276,&quot;469777462&quot;:[709],&quot;469777927&quot;:[0],&quot;469777928&quot;:[0]}\">\u00a0<\/span><\/p>\n<p><span data-contrast=\"none\">Edmund Pillekamp war seit 1974 rund 50 Jahre im Einzelhandel t\u00e4tig und in dieser Zeit f\u00fcr Hertie Berlin und M\u00fcnchen, Schlecker S\u00fcd und Penny S\u00fcd t\u00e4tig; ab 1995 in unterschiedlichen F\u00fchrungsrollen f\u00fcr die REWE Group, u. a. als Gesch\u00e4ftsleiter bei der REWE Markt GmbH Regio S\u00fcd sowie Billa \u00d6sterreich. <\/span><span data-contrast=\"none\">Seinen Einstieg in den Ruhestand nutzte der engagierte Einzelhandelskaufmann f\u00fcr einen Neuanfang: Seit Januar 2025 bringt er seine fundierte und vielseitige Expertise sowie Leidenschaft f\u00fcr den Lebensmittelhandel als Gesch\u00e4ftsf\u00fchrer der Symposium Essen + Trinken GmbH mit ein. \u201eIch bin \u00fcbergl\u00fccklich, nach \u00fcber 50 Jahren in der Branche noch einmal in so entscheidender Funktion zu ihrer Neugestaltung und Transformation beitragen zu d\u00fcrfen. Insbesondere in Hinblick auf zahlreiche disruptive Ver\u00e4nderungen muss unser Blick verantwortlich nach vorne gerichtet und unser Handeln gemeinschaftlich sein. Diese Gemeinschaft will ich mit meinen Kolleginnen C\u00e9cile M\u00f6hring und Natalie Gerits in der Gesch\u00e4ftsf\u00fchrung gerne vorleben.\u201c<\/span><span data-contrast=\"none\">\u202f<\/span><span data-ccp-props=\"{&quot;134233117&quot;:true,&quot;134233118&quot;:true,&quot;201341983&quot;:0,&quot;335559740&quot;:276,&quot;469777462&quot;:[709],&quot;469777927&quot;:[0],&quot;469777928&quot;:[0]}\">\u00a0<\/span><\/p>\n<p><span data-ccp-props=\"{&quot;134233117&quot;:true,&quot;134233118&quot;:true,&quot;201341983&quot;:0,&quot;335559740&quot;:276,&quot;469777462&quot;:[709],&quot;469777927&quot;:[0],&quot;469777928&quot;:[0]}\">\u00a0<\/span><\/p>\n<p><span data-contrast=\"none\">Besonders erfreulich ist zudem ein bedeutender Zuwachs auf Gesellschafterebene. Anfang Januar ist der Handelsverband Bayern e.V. (HBE) in den Kreis der Gesellschafter des SET aufger\u00fcckt, um dem Einzelhandel ganz gezielt eine Stimme bei der Gestaltung der Branchenzukunft zu geben. HBE-Pr\u00e4sident <\/span><b><span data-contrast=\"none\">Ernst L\u00e4uger<\/span><\/b><span data-contrast=\"none\"> zeigt sich begeistert vom neuen Konzept des Symposiums: \u201eAls Verband der bayerischen Einzelh\u00e4ndler wissen wir, wie wichtig es ist, eine gemeinsame Stimme zu finden. Mit der Neuausrichtung des SET erweitern wir daf\u00fcr unser Netzwerk \u00fcber den Handel hinaus entlang der gesamten Wertsch\u00f6pfungskette. Und ich freue mich sehr auf die innovativen Ergebnisse, Erkenntnisse und vor allem auch Kontakte, die diese Erweiterung in Zukunft mit sich bringt.\u201c Hauptgesch\u00e4ftsf\u00fchrer <\/span><b><span data-contrast=\"none\">Wolfgang Puff<\/span><\/b><span data-contrast=\"none\"> kann den KICK-OFF im M\u00e4rz deshalb kaum erwarten: \u201eMit seinen zukunftsweisenden Inhalten und spannenden Speaker*innen verspricht schon unser Start in M\u00fcnchen zur echten Pflichtveranstaltung f\u00fcr die Branche zu werden. Mit Impulsen, die wir beim SET in zahlreichen neuen Formaten weiter aufgreifen und vertiefen wollen.\u201c<\/span><span data-ccp-props=\"{&quot;134233117&quot;:true,&quot;134233118&quot;:true,&quot;201341983&quot;:0,&quot;335559740&quot;:276,&quot;469777462&quot;:[709],&quot;469777927&quot;:[0],&quot;469777928&quot;:[0]}\">\u00a0<\/span><\/p>\n<p><span data-ccp-props=\"{&quot;134233117&quot;:true,&quot;134233118&quot;:true,&quot;201341983&quot;:0,&quot;335559740&quot;:276,&quot;469777462&quot;:[709],&quot;469777927&quot;:[0],&quot;469777928&quot;:[0]}\">\u00a0<\/span><\/p>\n<p><span data-contrast=\"none\">F\u00fcr 2025\/26 hat sich die neue Gesch\u00e4ftsf\u00fchrung des SET deshalb ehrgeizige Ziele gesetzt. Neben zwei Hauptveranstaltungen f\u00fcr die Branche, dem <\/span><b><span data-contrast=\"none\">KICK-OFF<\/span><\/b><span data-contrast=\"none\"> am 06. M\u00e4rz und <\/span><b><span data-contrast=\"none\">CONNECT<\/span><\/b><span data-contrast=\"none\"> am 25. September 2025, stehen vor allem die weitere konzeptionelle Ausarbeitung und Finalisierung k\u00fcnftiger Formate f\u00fcr 2026 sowie die weitere Etablierung des <\/span><b><span data-contrast=\"none\">SET CLUB<\/span><\/b><span data-contrast=\"none\"> im Mittelpunkt der Planungen.<\/span><\/p>","protected":false},"excerpt":{"rendered":"<p>Im Rahmen der inhaltlichen und organisatorischen Neuausrichtung des Symposium Essen + Trinken hat sich eine der bedeutendsten Dialogplattformen der deutschsprachigen Foodbranche auch auf F\u00fchrungsebene noch einmal deutlich breiter aufgestellt. Um [&hellip;]<\/p>","protected":false},"author":4,"featured_media":12105,"comment_status":"open","ping_status":"open","sticky":false,"template":"","format":"standard","meta":{"footnotes":""},"categories":[4],"tags":[],"class_list":["post-12103","post","type-post","status-publish","format-standard","has-post-thumbnail","hentry","category-news"],"_links":{"self":[{"href":"https:\/\/s-e-t.com\/en\/wp-json\/wp\/v2\/posts\/12103","targetHints":{"allow":["GET"]}}],"collection":[{"href":"https:\/\/s-e-t.com\/en\/wp-json\/wp\/v2\/posts"}],"about":[{"href":"https:\/\/s-e-t.com\/en\/wp-json\/wp\/v2\/types\/post"}],"author":[{"embeddable":true,"href":"https:\/\/s-e-t.com\/en\/wp-json\/wp\/v2\/users\/4"}],"replies":[{"embeddable":true,"href":"https:\/\/s-e-t.com\/en\/wp-json\/wp\/v2\/comments?post=12103"}],"version-history":[{"count":0,"href":"https:\/\/s-e-t.com\/en\/wp-json\/wp\/v2\/posts\/12103\/revisions"}],"wp:featuredmedia":[{"embeddable":true,"href":"https:\/\/s-e-t.com\/en\/wp-json\/wp\/v2\/media\/12105"}],"wp:attachment":[{"href":"https:\/\/s-e-t.com\/en\/wp-json\/wp\/v2\/media?parent=12103"}],"wp:term":[{"taxonomy":"category","embeddable":true,"href":"https:\/\/s-e-t.com\/en\/wp-json\/wp\/v2\/categories?post=12103"},{"taxonomy":"post_tag","embeddable":true,"href":"https:\/\/s-e-t.com\/en\/wp-json\/wp\/v2\/tags?post=12103"}],"curies":[{"name":"wp","href":"https:\/\/api.w.org\/{rel}","templated":true}]}}